{"id":13603,"date":"2025-10-10T13:15:53","date_gmt":"2025-10-10T11:15:53","guid":{"rendered":"https:\/\/de.hycleaner-eu.de\/sin-categoria\/limpieza-de-cristales-y-fachadas-en-la-estacion-de-arnhem\/"},"modified":"2026-07-13T16:03:19","modified_gmt":"2026-07-13T14:03:19","slug":"limpieza-de-cristales-y-fachadas-en-la-estacion-de-arnhem","status":"publish","type":"post","link":"https:\/\/hycleaner.de\/es\/noticias\/limpieza-de-cristales-y-fachadas-en-la-estacion-de-arnhem\/","title":{"rendered":"Limpieza de cristales y fachadas en la estaci\u00f3n de Arnhem"},"content":{"rendered":"\t\t<div data-elementor-type=\"wp-post\" data-elementor-id=\"13603\" class=\"elementor elementor-13603 elementor-5927\" data-elementor-post-type=\"post\">\n\t\t\t\t<div class=\"elementor-element elementor-element-78df1ac e-flex e-con-boxed e-con e-parent\" data-id=\"78df1ac\" data-element_type=\"container\" data-e-type=\"container\">\n\t\t\t\t\t<div class=\"e-con-inner\">\n\t\t<div class=\"elementor-element elementor-element-a3cb3c1 e-con-full e-flex e-con e-child\" data-id=\"a3cb3c1\" data-element_type=\"container\" data-e-type=\"container\">\n\t\t<div class=\"elementor-element elementor-element-a6629af e-con-full e-flex e-con e-child\" data-id=\"a6629af\" data-element_type=\"container\" data-e-type=\"container\">\n\t\t<div class=\"elementor-element elementor-element-190b843 e-con-full e-flex e-con e-child\" data-id=\"190b843\" data-element_type=\"container\" data-e-type=\"container\">\n\t\t<div class=\"elementor-element elementor-element-5f707dc e-con-full e-flex e-con e-child\" data-id=\"5f707dc\" data-element_type=\"container\" data-e-type=\"container\">\n\t\t<div class=\"elementor-element elementor-element-d4343d2 e-con-full e-flex e-con e-child\" data-id=\"d4343d2\" data-element_type=\"container\" data-e-type=\"container\">\n\t\t<div class=\"elementor-element elementor-element-34e8057 e-con-full e-flex e-con e-child\" data-id=\"34e8057\" data-element_type=\"container\" data-e-type=\"container\">\n\t\t\t\t<div class=\"elementor-element elementor-element-4dee215 elementor-widget__width-initial elementor-widget elementor-widget-theme-post-title elementor-page-title elementor-widget-heading\" data-id=\"4dee215\" data-element_type=\"widget\" data-e-type=\"widget\" data-widget_type=\"theme-post-title.default\">\n\t\t\t\t<div class=\"elementor-widget-container\">\n\t\t\t\t\t<h1 class=\"elementor-heading-title elementor-size-default\">Limpieza de cristales y fachadas en la estaci\u00f3n de Arnhem<\/h1>\t\t\t\t<\/div>\n\t\t\t\t<\/div>\n\t\t\t\t<div class=\"elementor-element elementor-element-284658a elementor-widget elementor-widget-post-info\" data-id=\"284658a\" data-element_type=\"widget\" data-e-type=\"widget\" data-widget_type=\"post-info.default\">\n\t\t\t\t<div class=\"elementor-widget-container\">\n\t\t\t\t\t\t\t<ul class=\"elementor-inline-items elementor-icon-list-items elementor-post-info\">\n\t\t\t\t\t\t\t\t<li class=\"elementor-icon-list-item elementor-repeater-item-d4e9e0c elementor-inline-item\" itemprop=\"about\">\n\t\t\t\t\t\t\t\t\t\t\t\t\t<span class=\"elementor-icon-list-text elementor-post-info__item elementor-post-info__item--type-terms\">\n\t\t\t\t\t\t\t\t\t\t<span class=\"elementor-post-info__terms-list\">\n\t\t\t\t<span class=\"elementor-post-info__terms-list-item\">Noticias<\/span>\t\t\t\t<\/span>\n\t\t\t\t\t<\/span>\n\t\t\t\t\t\t\t\t<\/li>\n\t\t\t\t<li class=\"elementor-icon-list-item elementor-repeater-item-ac88f4a elementor-inline-item\" itemprop=\"datePublished\">\n\t\t\t\t\t\t\t\t\t\t\t\t\t<span class=\"elementor-icon-list-text elementor-post-info__item elementor-post-info__item--type-date\">\n\t\t\t\t\t\t\t\t\t\t<time>octubre 10, 2025<\/time>\t\t\t\t\t<\/span>\n\t\t\t\t\t\t\t\t<\/li>\n\t\t\t\t<li class=\"elementor-icon-list-item elementor-repeater-item-98b6893 elementor-inline-item\">\n\t\t\t\t\t\t<a href=\"\/wp-content\/uploads\/2025\/10\/rationell-reinigen_Ausgabe-3_2017_Redaktion_2017-05-10_AU.pdf.pdf\">\n\t\t\t\t\t\t\t\t\t\t\t\t\t\t<span class=\"elementor-icon-list-text elementor-post-info__item elementor-post-info__item--type-custom\">\n\t\t\t\t\t\t\t\t\t\tErschienen in der Fachzeitschrift rationell reinigen\t\t\t\t\t<\/span>\n\t\t\t\t\t\t\t\t\t<\/a>\n\t\t\t\t<\/li>\n\t\t\t\t<\/ul>\n\t\t\t\t\t\t<\/div>\n\t\t\t\t<\/div>\n\t\t\t\t<\/div>\n\t\t<div class=\"elementor-element elementor-element-1c59e0f e-con-full e-flex e-con e-child\" data-id=\"1c59e0f\" data-element_type=\"container\" data-e-type=\"container\">\n\t\t<div class=\"elementor-element elementor-element-c21fe3e e-con-full e-flex e-con e-child\" data-id=\"c21fe3e\" data-element_type=\"container\" data-e-type=\"container\">\n\t\t<div class=\"elementor-element elementor-element-5ca1b90 e-con-full e-flex e-con e-child\" data-id=\"5ca1b90\" data-element_type=\"container\" data-e-type=\"container\" data-settings=\"{&quot;background_background&quot;:&quot;classic&quot;}\">\n\t\t\t\t<div class=\"elementor-element elementor-element-aabf729 elementor-widget elementor-widget-image\" data-id=\"aabf729\" data-element_type=\"widget\" data-e-type=\"widget\" data-widget_type=\"image.default\">\n\t\t\t\t<div class=\"elementor-widget-container\">\n\t\t\t\t\t\t\t\t\t\t\t\t\t\t\t<img fetchpriority=\"high\" decoding=\"async\" width=\"800\" height=\"493\" src=\"https:\/\/hycleaner.de\/wp-content\/uploads\/2025\/10\/teaser-video-glassrobot-pro-860x530-01-1.webp\" class=\"attachment-large size-large wp-image-13605\" alt=\"El robot de limpieza glassROBOT limpia un techo de cristal\" srcset=\"https:\/\/hycleaner.de\/wp-content\/uploads\/2025\/10\/teaser-video-glassrobot-pro-860x530-01-1.webp 860w, https:\/\/hycleaner.de\/wp-content\/uploads\/2025\/10\/teaser-video-glassrobot-pro-860x530-01-1-300x185.webp 300w, https:\/\/hycleaner.de\/wp-content\/uploads\/2025\/10\/teaser-video-glassrobot-pro-860x530-01-1-768x473.webp 768w\" sizes=\"(max-width: 800px) 100vw, 800px\" \/>\t\t\t\t\t\t\t\t\t\t\t\t\t\t\t<\/div>\n\t\t\t\t<\/div>\n\t\t\t\t<div class=\"elementor-element elementor-element-bdba1e4 elementor-widget elementor-widget-heading\" data-id=\"bdba1e4\" data-element_type=\"widget\" data-e-type=\"widget\" data-widget_type=\"heading.default\">\n\t\t\t\t<div class=\"elementor-widget-container\">\n\t\t\t\t\t<h2 class=\"elementor-heading-title elementor-size-default\">Limpieza de fachadas semiautom\u00e1tica \u2013 eficiente, segura y econ\u00f3mica<\/h2>\t\t\t\t<\/div>\n\t\t\t\t<\/div>\n\t\t\t\t<div class=\"elementor-element elementor-element-e18ff9e elementor-widget elementor-widget-text-editor\" data-id=\"e18ff9e\" data-element_type=\"widget\" data-e-type=\"widget\" data-widget_type=\"text-editor.default\">\n\t\t\t\t<div class=\"elementor-widget-container\">\n\t\t\t\t\t\t\t\t\t<p>La limpieza de las extensas superficies de vidrio y tejado de la <a href=\"https:\/\/de.wikipedia.org\/wiki\/Bahnhof_Arnhem_Centraal\">Estaci\u00f3n de Arnhem<\/a> supuso durante mucho tiempo un enorme desaf\u00edo. La limpieza manual de fachadas era laboriosa, costosa y exigente en t\u00e9rminos de seguridad. <\/p><p>Con la introducci\u00f3n de un sistema de limpieza semiautom\u00e1tico especialmente adaptado, del tipo hyCLEANER black Solar, el proveedor de servicios responsable, AB Cleaning, logr\u00f3 acelerar significativamente los trabajos y hacerlos m\u00e1s econ\u00f3micos.<\/p><p>La m\u00e1quina, originalmente desarrollada para superficies solares, fue modificada para los requisitos especiales de la estaci\u00f3n. Gracias al control por radio, la velocidad variable y el sistema de tracci\u00f3n antideslizante, tambi\u00e9n se pueden limpiar eficientemente las zonas de dif\u00edcil acceso. <\/p><p>El resultado: superficies de vidrio y metal limpias en una fracci\u00f3n del tiempo anterior, con una reducci\u00f3n simult\u00e1nea del personal y una mayor seguridad. <\/p>\t\t\t\t\t\t\t\t<\/div>\n\t\t\t\t<\/div>\n\t\t\t\t<\/div>\n\t\t\t\t<\/div>\n\t\t<div class=\"elementor-element elementor-element-04e8dc9 e-con-full e-flex e-con e-child\" data-id=\"04e8dc9\" data-element_type=\"container\" data-e-type=\"container\">\n\t\t\t\t<div class=\"elementor-element elementor-element-a2cf908 elementor-widget elementor-widget-image\" data-id=\"a2cf908\" data-element_type=\"widget\" data-e-type=\"widget\" data-widget_type=\"image.default\">\n\t\t\t\t<div class=\"elementor-widget-container\">\n\t\t\t\t\t\t\t\t\t\t\t\t\t\t\t<img decoding=\"async\" width=\"800\" height=\"493\" src=\"https:\/\/hycleaner.de\/wp-content\/uploads\/2025\/10\/teaser-blog-mu-arnheim-860x530-01.webp\" class=\"attachment-large size-large wp-image-13604\" alt=\"Mockup iPad con art\u00edculo especializado de &quot;rationell reinigen&quot;\" srcset=\"https:\/\/hycleaner.de\/wp-content\/uploads\/2025\/10\/teaser-blog-mu-arnheim-860x530-01.webp 860w, https:\/\/hycleaner.de\/wp-content\/uploads\/2025\/10\/teaser-blog-mu-arnheim-860x530-01-300x185.webp 300w, https:\/\/hycleaner.de\/wp-content\/uploads\/2025\/10\/teaser-blog-mu-arnheim-860x530-01-768x473.webp 768w\" sizes=\"(max-width: 800px) 100vw, 800px\" \/>\t\t\t\t\t\t\t\t\t\t\t\t\t\t\t<\/div>\n\t\t\t\t<\/div>\n\t\t\t\t<div class=\"elementor-element elementor-element-c5c112c elementor-view-default elementor-widget elementor-widget-icon\" data-id=\"c5c112c\" data-element_type=\"widget\" data-e-type=\"widget\" data-widget_type=\"icon.default\">\n\t\t\t\t<div class=\"elementor-widget-container\">\n\t\t\t\t\t\t\t<div class=\"elementor-icon-wrapper\">\n\t\t\t<a class=\"elementor-icon\" href=\"\/wp-content\/uploads\/2025\/10\/rationell-reinigen_Ausgabe-3_2017_Redaktion_2017-05-10_AU.pdf.pdf\">\n\t\t\t<svg aria-hidden=\"true\" class=\"e-font-icon-svg e-fas-cloud-download-alt\" viewBox=\"0 0 640 512\" xmlns=\"http:\/\/www.w3.org\/2000\/svg\"><path d=\"M537.6 226.6c4.1-10.7 6.4-22.4 6.4-34.6 0-53-43-96-96-96-19.7 0-38.1 6-53.3 16.2C367 64.2 315.3 32 256 32c-88.4 0-160 71.6-160 160 0 2.7.1 5.4.2 8.1C40.2 219.8 0 273.2 0 336c0 79.5 64.5 144 144 144h368c70.7 0 128-57.3 128-128 0-61.9-44-113.6-102.4-125.4zm-132.9 88.7L299.3 420.7c-6.2 6.2-16.4 6.2-22.6 0L171.3 315.3c-10.1-10.1-2.9-27.3 11.3-27.3H248V176c0-8.8 7.2-16 16-16h48c8.8 0 16 7.2 16 16v112h65.4c14.2 0 21.4 17.2 11.3 27.3z\"><\/path><\/svg>\t\t\t<\/a>\n\t\t<\/div>\n\t\t\t\t\t\t<\/div>\n\t\t\t\t<\/div>\n\t\t\t\t<div class=\"elementor-element elementor-element-333766a elementor-widget elementor-widget-text-editor\" data-id=\"333766a\" data-element_type=\"widget\" data-e-type=\"widget\" data-widget_type=\"text-editor.default\">\n\t\t\t\t<div class=\"elementor-widget-container\">\n\t\t\t\t\t\t\t\t\t<p>Al art\u00edculo<br\/><a href=\"\/wp-content\/uploads\/2025\/10\/rationell-reinigen_Ausgabe-3_2017_Redaktion_2017-05-10_AU.pdf.pdf\">limpiar racionalmente \u00b7 Edici\u00f3n 03.2017<\/a><\/p>\t\t\t\t\t\t\t\t<\/div>\n\t\t\t\t<\/div>\n\t\t\t\t<\/div>\n\t\t\t\t<\/div>\n\t\t\t\t<\/div>\n\t\t\t\t<\/div>\n\t\t\t\t<\/div>\n\t\t\t\t<\/div>\n\t\t\t\t<\/div>\n\t\t\t\t\t<\/div>\n\t\t\t\t<\/div>\n\t\t\t\t<\/div>\n\t\t","protected":false},"excerpt":{"rendered":"<p>La fuerte suciedad, como el polvo de los frenos o el \u00f3xido, est\u00e1 afectando a la estructura del techo de cristal en Arnhem. El hyCLEANER glassROBOT demuestra en su uso que los grandes proyectos de limpieza tambi\u00e9n pueden resolverse de forma econ\u00f3mica y segura, con un alto rendimiento de superficie y un m\u00ednimo de personal. <\/p>\n","protected":false},"author":10,"featured_media":13604,"comment_status":"closed","ping_status":"closed","sticky":false,"template":"","format":"standard","meta":{"footnotes":"","_links_to":"","_links_to_target":""},"categories":[175],"tags":[176],"class_list":["post-13603","post","type-post","status-publish","format-standard","has-post-thumbnail","hentry","category-noticias","tag-glassrobot-pro"],"yoast_head":"<!-- This site is optimized with the Yoast SEO Premium plugin v28.1 (Yoast SEO v28.3) - https:\/\/yoast.com\/product\/yoast-seo-premium-wordpress\/ -->\n<title>Limpieza de cristales y fachadas en la estaci\u00f3n de Arnhem<\/title>\n<meta name=\"description\" content=\"Limpieza eficiente de cristales y fachadas en la estaci\u00f3n de Arnhem con el sistema de limpieza semiautom\u00e1tico hyCLEANER black Solar.\" \/>\n<meta name=\"robots\" content=\"index, follow, max-snippet:-1, max-image-preview:large, max-video-preview:-1\" \/>\n<link rel=\"canonical\" href=\"https:\/\/hycleaner.de\/es\/noticias\/limpieza-de-cristales-y-fachadas-en-la-estacion-de-arnhem\/\" \/>\n<meta property=\"og:locale\" content=\"es_ES\" \/>\n<meta property=\"og:type\" content=\"article\" \/>\n<meta property=\"og:title\" content=\"Limpieza de cristales y fachadas en la estaci\u00f3n de Arnhem\" \/>\n<meta property=\"og:description\" content=\"Limpieza eficiente de cristales y fachadas en la estaci\u00f3n de Arnhem con el sistema de limpieza semiautom\u00e1tico hyCLEANER black Solar.\" \/>\n<meta property=\"og:url\" content=\"https:\/\/hycleaner.de\/es\/noticias\/limpieza-de-cristales-y-fachadas-en-la-estacion-de-arnhem\/\" \/>\n<meta property=\"og:site_name\" content=\"hyCLEANER\u00ae\" \/>\n<meta property=\"article:publisher\" content=\"https:\/\/www.facebook.com\/people\/Hycleaner-DE\/pfbid028B3Z4FDUFVEe1dzh2ir71iKTuVU4iaWiLiBfZhmhRLtKuCG3Kas5i24S2KXzsjKYl\/?locale=de_DE\" \/>\n<meta property=\"article:published_time\" content=\"2025-10-10T11:15:53+00:00\" \/>\n<meta property=\"article:modified_time\" content=\"2026-07-13T14:03:19+00:00\" \/>\n<meta property=\"og:image\" content=\"https:\/\/hycleaner.de\/wp-content\/uploads\/2025\/10\/teaser-blog-mu-arnheim-860x530-01.webp\" \/>\n\t<meta property=\"og:image:width\" content=\"860\" \/>\n\t<meta property=\"og:image:height\" content=\"530\" \/>\n\t<meta property=\"og:image:type\" content=\"image\/webp\" \/>\n<meta name=\"author\" content=\"hyCLEANER Redaktion\" \/>\n<meta name=\"twitter:card\" content=\"summary_large_image\" \/>\n<script type=\"application\/ld+json\" class=\"yoast-schema-graph\">{\"@context\":\"https:\\\/\\\/schema.org\",\"@graph\":[{\"@type\":\"TechArticle\",\"@id\":\"https:\\\/\\\/hycleaner.de\\\/es\\\/noticias\\\/limpieza-de-cristales-y-fachadas-en-la-estacion-de-arnhem\\\/#article\",\"isPartOf\":{\"@id\":\"https:\\\/\\\/hycleaner.de\\\/es\\\/noticias\\\/limpieza-de-cristales-y-fachadas-en-la-estacion-de-arnhem\\\/\"},\"author\":{\"name\":\"hyCLEANER Redaktion\",\"@id\":\"https:\\\/\\\/hycleaner.de\\\/es\\\/#\\\/schema\\\/person\\\/ee22a25653603c0022670c01aea1d009\"},\"headline\":\"Limpieza de cristales y fachadas en la estaci\u00f3n de Arnhem\",\"datePublished\":\"2025-10-10T11:15:53+00:00\",\"dateModified\":\"2026-07-13T14:03:19+00:00\",\"mainEntityOfPage\":{\"@id\":\"https:\\\/\\\/hycleaner.de\\\/es\\\/noticias\\\/limpieza-de-cristales-y-fachadas-en-la-estacion-de-arnhem\\\/\"},\"wordCount\":175,\"publisher\":{\"@id\":\"https:\\\/\\\/hycleaner.de\\\/es\\\/#organization\"},\"image\":{\"@id\":\"https:\\\/\\\/hycleaner.de\\\/es\\\/noticias\\\/limpieza-de-cristales-y-fachadas-en-la-estacion-de-arnhem\\\/#primaryimage\"},\"thumbnailUrl\":\"https:\\\/\\\/hycleaner.de\\\/wp-content\\\/uploads\\\/2025\\\/10\\\/teaser-blog-mu-arnheim-860x530-01.webp\",\"keywords\":[\"glassROBOT pro\"],\"articleSection\":[\"Noticias\"],\"inLanguage\":\"es\"},{\"@type\":\"WebPage\",\"@id\":\"https:\\\/\\\/hycleaner.de\\\/es\\\/noticias\\\/limpieza-de-cristales-y-fachadas-en-la-estacion-de-arnhem\\\/\",\"url\":\"https:\\\/\\\/hycleaner.de\\\/es\\\/noticias\\\/limpieza-de-cristales-y-fachadas-en-la-estacion-de-arnhem\\\/\",\"name\":\"Limpieza de cristales y fachadas en la estaci\u00f3n de Arnhem\",\"isPartOf\":{\"@id\":\"https:\\\/\\\/hycleaner.de\\\/es\\\/#website\"},\"primaryImageOfPage\":{\"@id\":\"https:\\\/\\\/hycleaner.de\\\/es\\\/noticias\\\/limpieza-de-cristales-y-fachadas-en-la-estacion-de-arnhem\\\/#primaryimage\"},\"image\":{\"@id\":\"https:\\\/\\\/hycleaner.de\\\/es\\\/noticias\\\/limpieza-de-cristales-y-fachadas-en-la-estacion-de-arnhem\\\/#primaryimage\"},\"thumbnailUrl\":\"https:\\\/\\\/hycleaner.de\\\/wp-content\\\/uploads\\\/2025\\\/10\\\/teaser-blog-mu-arnheim-860x530-01.webp\",\"datePublished\":\"2025-10-10T11:15:53+00:00\",\"dateModified\":\"2026-07-13T14:03:19+00:00\",\"description\":\"Limpieza eficiente de cristales y fachadas en la estaci\u00f3n de Arnhem con el sistema de limpieza semiautom\u00e1tico hyCLEANER black Solar.\",\"breadcrumb\":{\"@id\":\"https:\\\/\\\/hycleaner.de\\\/es\\\/noticias\\\/limpieza-de-cristales-y-fachadas-en-la-estacion-de-arnhem\\\/#breadcrumb\"},\"inLanguage\":\"es\",\"potentialAction\":[{\"@type\":\"ReadAction\",\"target\":[\"https:\\\/\\\/hycleaner.de\\\/es\\\/noticias\\\/limpieza-de-cristales-y-fachadas-en-la-estacion-de-arnhem\\\/\"]}]},{\"@type\":\"ImageObject\",\"inLanguage\":\"es\",\"@id\":\"https:\\\/\\\/hycleaner.de\\\/es\\\/noticias\\\/limpieza-de-cristales-y-fachadas-en-la-estacion-de-arnhem\\\/#primaryimage\",\"url\":\"https:\\\/\\\/hycleaner.de\\\/wp-content\\\/uploads\\\/2025\\\/10\\\/teaser-blog-mu-arnheim-860x530-01.webp\",\"contentUrl\":\"https:\\\/\\\/hycleaner.de\\\/wp-content\\\/uploads\\\/2025\\\/10\\\/teaser-blog-mu-arnheim-860x530-01.webp\",\"width\":860,\"height\":530,\"caption\":\"Mockup iPad con art\u00edculo especializado de \\\"rationell reinigen\\\"\"},{\"@type\":\"BreadcrumbList\",\"@id\":\"https:\\\/\\\/hycleaner.de\\\/es\\\/noticias\\\/limpieza-de-cristales-y-fachadas-en-la-estacion-de-arnhem\\\/#breadcrumb\",\"itemListElement\":[{\"@type\":\"ListItem\",\"position\":1,\"name\":\"Startseite\",\"item\":\"https:\\\/\\\/hycleaner.de\\\/es\\\/\"},{\"@type\":\"ListItem\",\"position\":2,\"name\":\"Noticias\",\"item\":\"https:\\\/\\\/hycleaner.de\\\/es\\\/category\\\/noticias\\\/\"},{\"@type\":\"ListItem\",\"position\":3,\"name\":\"Limpieza de cristales y fachadas en la estaci\u00f3n de Arnhem\"}]},{\"@type\":\"WebSite\",\"@id\":\"https:\\\/\\\/hycleaner.de\\\/es\\\/#website\",\"url\":\"https:\\\/\\\/hycleaner.de\\\/es\\\/\",\"name\":\"hyCLEANER\",\"description\":\"Experte f\u00fcr Reinigungsroboter\",\"publisher\":{\"@id\":\"https:\\\/\\\/hycleaner.de\\\/es\\\/#organization\"},\"potentialAction\":[{\"@type\":\"SearchAction\",\"target\":{\"@type\":\"EntryPoint\",\"urlTemplate\":\"https:\\\/\\\/hycleaner.de\\\/es\\\/?s={search_term_string}\"},\"query-input\":{\"@type\":\"PropertyValueSpecification\",\"valueRequired\":true,\"valueName\":\"search_term_string\"}}],\"inLanguage\":\"es\"},{\"@type\":\"Organization\",\"@id\":\"https:\\\/\\\/hycleaner.de\\\/es\\\/#organization\",\"name\":\"hyCLEANER GmbH & CO. KG\",\"alternateName\":\"hyCLEANER\",\"url\":\"https:\\\/\\\/hycleaner.de\\\/es\\\/\",\"logo\":{\"@type\":\"ImageObject\",\"inLanguage\":\"es\",\"@id\":\"https:\\\/\\\/hycleaner.de\\\/es\\\/#\\\/schema\\\/logo\\\/image\\\/\",\"url\":\"https:\\\/\\\/hycleaner.de\\\/wp-content\\\/uploads\\\/2026\\\/08\\\/hyCLEANER_Logo-1.webp\",\"contentUrl\":\"https:\\\/\\\/hycleaner.de\\\/wp-content\\\/uploads\\\/2026\\\/08\\\/hyCLEANER_Logo-1.webp\",\"width\":351,\"height\":99,\"caption\":\"hyCLEANER GmbH & CO. KG\"},\"image\":{\"@id\":\"https:\\\/\\\/hycleaner.de\\\/es\\\/#\\\/schema\\\/logo\\\/image\\\/\"},\"sameAs\":[\"https:\\\/\\\/www.facebook.com\\\/people\\\/Hycleaner-DE\\\/pfbid028B3Z4FDUFVEe1dzh2ir71iKTuVU4iaWiLiBfZhmhRLtKuCG3Kas5i24S2KXzsjKYl\\\/?locale=de_DE\",\"https:\\\/\\\/www.instagram.com\\\/hycleaner.de\\\/\",\"https:\\\/\\\/www.youtube.com\\\/@hycleaner\",\"https:\\\/\\\/www.linkedin.com\\\/company\\\/hycleaner\\\/\"],\"description\":\"hyCLEANER bietet Reinigungsroboter und Reinigungstechnologie Made in Germany \u2013 innovative L\u00f6sungen f\u00fcr Solar, Fassade und Glas.\",\"email\":\"info@hycleaner.de\",\"telephone\":\"+49 2562 99254 0\",\"legalName\":\"hyCLEANER GmbH & Co. KG\",\"foundingDate\":\"2010-01-01\",\"numberOfEmployees\":{\"@type\":\"QuantitativeValue\",\"minValue\":\"11\",\"maxValue\":\"50\"}},{\"@type\":\"Person\",\"@id\":\"https:\\\/\\\/hycleaner.de\\\/es\\\/#\\\/schema\\\/person\\\/ee22a25653603c0022670c01aea1d009\",\"name\":\"hyCLEANER Redaktion\",\"image\":{\"@type\":\"ImageObject\",\"inLanguage\":\"es\",\"@id\":\"https:\\\/\\\/secure.gravatar.com\\\/avatar\\\/2c108e61da0301071dd01568c29fa1d5e19965c4ed015a1f19a84e74a9e3be25?s=96&d=mm&r=g\",\"url\":\"https:\\\/\\\/secure.gravatar.com\\\/avatar\\\/2c108e61da0301071dd01568c29fa1d5e19965c4ed015a1f19a84e74a9e3be25?s=96&d=mm&r=g\",\"contentUrl\":\"https:\\\/\\\/secure.gravatar.com\\\/avatar\\\/2c108e61da0301071dd01568c29fa1d5e19965c4ed015a1f19a84e74a9e3be25?s=96&d=mm&r=g\",\"caption\":\"hyCLEANER Redaktion\"},\"description\":\"Das hyCLEANER Redaktionsteam vereint interne Fachexperten aus verschiedenen Unternehmensbereichen \u2013 von der praktischen Anwendung \u00fcber die technische Entwicklung bis hin zu Vertrieb und Kundenberatung. Gemeinsam verfolgen sie das Ziel, komplexe Themen rund um die Reinigung von Photovoltaikanlagen, Glasfl\u00e4chen und Fassaden verst\u00e4ndlich, praxisnah und kompakt aufzubereiten. Die Inhalte basieren auf langj\u00e4hriger Branchenerfahrung, technischem Fachwissen und Erkenntnissen aus dem t\u00e4glichen Einsatz in der Praxis.\",\"sameAs\":[\"https:\\\/\\\/hycleaner.de\\\/kontakt\\\/\"],\"url\":\"https:\\\/\\\/hycleaner.de\\\/es\\\/author\\\/hycleaner-redaktion\\\/\"}]}<\/script>\n<!-- \/ Yoast SEO Premium plugin. -->","yoast_head_json":{"title":"Limpieza de cristales y fachadas en la estaci\u00f3n de Arnhem","description":"Limpieza eficiente de cristales y fachadas en la estaci\u00f3n de Arnhem con el sistema de limpieza semiautom\u00e1tico hyCLEANER black Solar.","robots":{"index":"index","follow":"follow","max-snippet":"max-snippet:-1","max-image-preview":"max-image-preview:large","max-video-preview":"max-video-preview:-1"},"canonical":"https:\/\/hycleaner.de\/es\/noticias\/limpieza-de-cristales-y-fachadas-en-la-estacion-de-arnhem\/","og_locale":"es_ES","og_type":"article","og_title":"Limpieza de cristales y fachadas en la estaci\u00f3n de Arnhem","og_description":"Limpieza eficiente de cristales y fachadas en la estaci\u00f3n de Arnhem con el sistema de limpieza semiautom\u00e1tico hyCLEANER black Solar.","og_url":"https:\/\/hycleaner.de\/es\/noticias\/limpieza-de-cristales-y-fachadas-en-la-estacion-de-arnhem\/","og_site_name":"hyCLEANER\u00ae","article_publisher":"https:\/\/www.facebook.com\/people\/Hycleaner-DE\/pfbid028B3Z4FDUFVEe1dzh2ir71iKTuVU4iaWiLiBfZhmhRLtKuCG3Kas5i24S2KXzsjKYl\/?locale=de_DE","article_published_time":"2025-10-10T11:15:53+00:00","article_modified_time":"2026-07-13T14:03:19+00:00","og_image":[{"width":860,"height":530,"url":"https:\/\/hycleaner.de\/wp-content\/uploads\/2025\/10\/teaser-blog-mu-arnheim-860x530-01.webp","type":"image\/webp"}],"author":"hyCLEANER Redaktion","twitter_card":"summary_large_image","schema":{"@context":"https:\/\/schema.org","@graph":[{"@type":"TechArticle","@id":"https:\/\/hycleaner.de\/es\/noticias\/limpieza-de-cristales-y-fachadas-en-la-estacion-de-arnhem\/#article","isPartOf":{"@id":"https:\/\/hycleaner.de\/es\/noticias\/limpieza-de-cristales-y-fachadas-en-la-estacion-de-arnhem\/"},"author":{"name":"hyCLEANER Redaktion","@id":"https:\/\/hycleaner.de\/es\/#\/schema\/person\/ee22a25653603c0022670c01aea1d009"},"headline":"Limpieza de cristales y fachadas en la estaci\u00f3n de Arnhem","datePublished":"2025-10-10T11:15:53+00:00","dateModified":"2026-07-13T14:03:19+00:00","mainEntityOfPage":{"@id":"https:\/\/hycleaner.de\/es\/noticias\/limpieza-de-cristales-y-fachadas-en-la-estacion-de-arnhem\/"},"wordCount":175,"publisher":{"@id":"https:\/\/hycleaner.de\/es\/#organization"},"image":{"@id":"https:\/\/hycleaner.de\/es\/noticias\/limpieza-de-cristales-y-fachadas-en-la-estacion-de-arnhem\/#primaryimage"},"thumbnailUrl":"https:\/\/hycleaner.de\/wp-content\/uploads\/2025\/10\/teaser-blog-mu-arnheim-860x530-01.webp","keywords":["glassROBOT pro"],"articleSection":["Noticias"],"inLanguage":"es"},{"@type":"WebPage","@id":"https:\/\/hycleaner.de\/es\/noticias\/limpieza-de-cristales-y-fachadas-en-la-estacion-de-arnhem\/","url":"https:\/\/hycleaner.de\/es\/noticias\/limpieza-de-cristales-y-fachadas-en-la-estacion-de-arnhem\/","name":"Limpieza de cristales y fachadas en la estaci\u00f3n de Arnhem","isPartOf":{"@id":"https:\/\/hycleaner.de\/es\/#website"},"primaryImageOfPage":{"@id":"https:\/\/hycleaner.de\/es\/noticias\/limpieza-de-cristales-y-fachadas-en-la-estacion-de-arnhem\/#primaryimage"},"image":{"@id":"https:\/\/hycleaner.de\/es\/noticias\/limpieza-de-cristales-y-fachadas-en-la-estacion-de-arnhem\/#primaryimage"},"thumbnailUrl":"https:\/\/hycleaner.de\/wp-content\/uploads\/2025\/10\/teaser-blog-mu-arnheim-860x530-01.webp","datePublished":"2025-10-10T11:15:53+00:00","dateModified":"2026-07-13T14:03:19+00:00","description":"Limpieza eficiente de cristales y fachadas en la estaci\u00f3n de Arnhem con el sistema de limpieza semiautom\u00e1tico hyCLEANER black Solar.","breadcrumb":{"@id":"https:\/\/hycleaner.de\/es\/noticias\/limpieza-de-cristales-y-fachadas-en-la-estacion-de-arnhem\/#breadcrumb"},"inLanguage":"es","potentialAction":[{"@type":"ReadAction","target":["https:\/\/hycleaner.de\/es\/noticias\/limpieza-de-cristales-y-fachadas-en-la-estacion-de-arnhem\/"]}]},{"@type":"ImageObject","inLanguage":"es","@id":"https:\/\/hycleaner.de\/es\/noticias\/limpieza-de-cristales-y-fachadas-en-la-estacion-de-arnhem\/#primaryimage","url":"https:\/\/hycleaner.de\/wp-content\/uploads\/2025\/10\/teaser-blog-mu-arnheim-860x530-01.webp","contentUrl":"https:\/\/hycleaner.de\/wp-content\/uploads\/2025\/10\/teaser-blog-mu-arnheim-860x530-01.webp","width":860,"height":530,"caption":"Mockup iPad con art\u00edculo especializado de \"rationell reinigen\""},{"@type":"BreadcrumbList","@id":"https:\/\/hycleaner.de\/es\/noticias\/limpieza-de-cristales-y-fachadas-en-la-estacion-de-arnhem\/#breadcrumb","itemListElement":[{"@type":"ListItem","position":1,"name":"Startseite","item":"https:\/\/hycleaner.de\/es\/"},{"@type":"ListItem","position":2,"name":"Noticias","item":"https:\/\/hycleaner.de\/es\/category\/noticias\/"},{"@type":"ListItem","position":3,"name":"Limpieza de cristales y fachadas en la estaci\u00f3n de Arnhem"}]},{"@type":"WebSite","@id":"https:\/\/hycleaner.de\/es\/#website","url":"https:\/\/hycleaner.de\/es\/","name":"hyCLEANER","description":"Experte f\u00fcr Reinigungsroboter","publisher":{"@id":"https:\/\/hycleaner.de\/es\/#organization"},"potentialAction":[{"@type":"SearchAction","target":{"@type":"EntryPoint","urlTemplate":"https:\/\/hycleaner.de\/es\/?s={search_term_string}"},"query-input":{"@type":"PropertyValueSpecification","valueRequired":true,"valueName":"search_term_string"}}],"inLanguage":"es"},{"@type":"Organization","@id":"https:\/\/hycleaner.de\/es\/#organization","name":"hyCLEANER GmbH & CO. KG","alternateName":"hyCLEANER","url":"https:\/\/hycleaner.de\/es\/","logo":{"@type":"ImageObject","inLanguage":"es","@id":"https:\/\/hycleaner.de\/es\/#\/schema\/logo\/image\/","url":"https:\/\/hycleaner.de\/wp-content\/uploads\/2026\/08\/hyCLEANER_Logo-1.webp","contentUrl":"https:\/\/hycleaner.de\/wp-content\/uploads\/2026\/08\/hyCLEANER_Logo-1.webp","width":351,"height":99,"caption":"hyCLEANER GmbH & CO. KG"},"image":{"@id":"https:\/\/hycleaner.de\/es\/#\/schema\/logo\/image\/"},"sameAs":["https:\/\/www.facebook.com\/people\/Hycleaner-DE\/pfbid028B3Z4FDUFVEe1dzh2ir71iKTuVU4iaWiLiBfZhmhRLtKuCG3Kas5i24S2KXzsjKYl\/?locale=de_DE","https:\/\/www.instagram.com\/hycleaner.de\/","https:\/\/www.youtube.com\/@hycleaner","https:\/\/www.linkedin.com\/company\/hycleaner\/"],"description":"hyCLEANER bietet Reinigungsroboter und Reinigungstechnologie Made in Germany \u2013 innovative L\u00f6sungen f\u00fcr Solar, Fassade und Glas.","email":"info@hycleaner.de","telephone":"+49 2562 99254 0","legalName":"hyCLEANER GmbH & Co. KG","foundingDate":"2010-01-01","numberOfEmployees":{"@type":"QuantitativeValue","minValue":"11","maxValue":"50"}},{"@type":"Person","@id":"https:\/\/hycleaner.de\/es\/#\/schema\/person\/ee22a25653603c0022670c01aea1d009","name":"hyCLEANER Redaktion","image":{"@type":"ImageObject","inLanguage":"es","@id":"https:\/\/secure.gravatar.com\/avatar\/2c108e61da0301071dd01568c29fa1d5e19965c4ed015a1f19a84e74a9e3be25?s=96&d=mm&r=g","url":"https:\/\/secure.gravatar.com\/avatar\/2c108e61da0301071dd01568c29fa1d5e19965c4ed015a1f19a84e74a9e3be25?s=96&d=mm&r=g","contentUrl":"https:\/\/secure.gravatar.com\/avatar\/2c108e61da0301071dd01568c29fa1d5e19965c4ed015a1f19a84e74a9e3be25?s=96&d=mm&r=g","caption":"hyCLEANER Redaktion"},"description":"Das hyCLEANER Redaktionsteam vereint interne Fachexperten aus verschiedenen Unternehmensbereichen \u2013 von der praktischen Anwendung \u00fcber die technische Entwicklung bis hin zu Vertrieb und Kundenberatung. Gemeinsam verfolgen sie das Ziel, komplexe Themen rund um die Reinigung von Photovoltaikanlagen, Glasfl\u00e4chen und Fassaden verst\u00e4ndlich, praxisnah und kompakt aufzubereiten. Die Inhalte basieren auf langj\u00e4hriger Branchenerfahrung, technischem Fachwissen und Erkenntnissen aus dem t\u00e4glichen Einsatz in der Praxis.","sameAs":["https:\/\/hycleaner.de\/kontakt\/"],"url":"https:\/\/hycleaner.de\/es\/author\/hycleaner-redaktion\/"}]}},"_links":{"self":[{"href":"https:\/\/hycleaner.de\/es\/wp-json\/wp\/v2\/posts\/13603","targetHints":{"allow":["GET"]}}],"collection":[{"href":"https:\/\/hycleaner.de\/es\/wp-json\/wp\/v2\/posts"}],"about":[{"href":"https:\/\/hycleaner.de\/es\/wp-json\/wp\/v2\/types\/post"}],"author":[{"embeddable":true,"href":"https:\/\/hycleaner.de\/es\/wp-json\/wp\/v2\/users\/10"}],"replies":[{"embeddable":true,"href":"https:\/\/hycleaner.de\/es\/wp-json\/wp\/v2\/comments?post=13603"}],"version-history":[{"count":0,"href":"https:\/\/hycleaner.de\/es\/wp-json\/wp\/v2\/posts\/13603\/revisions"}],"wp:featuredmedia":[{"embeddable":true,"href":"https:\/\/hycleaner.de\/es\/wp-json\/wp\/v2\/media\/13604"}],"wp:attachment":[{"href":"https:\/\/hycleaner.de\/es\/wp-json\/wp\/v2\/media?parent=13603"}],"wp:term":[{"taxonomy":"category","embeddable":true,"href":"https:\/\/hycleaner.de\/es\/wp-json\/wp\/v2\/categories?post=13603"},{"taxonomy":"post_tag","embeddable":true,"href":"https:\/\/hycleaner.de\/es\/wp-json\/wp\/v2\/tags?post=13603"}],"curies":[{"name":"wp","href":"https:\/\/api.w.org\/{rel}","templated":true}]}}