{"id":12069,"date":"2025-10-10T13:52:42","date_gmt":"2025-10-10T11:52:42","guid":{"rendered":"https:\/\/de.hycleaner-eu.de\/non-categorise\/plus-quun-simple-nettoyage-des-vitres-et-des-toits-a-la-gare-de-berlin\/"},"modified":"2026-07-13T15:55:41","modified_gmt":"2026-07-13T13:55:41","slug":"plus-quun-simple-nettoyage-des-vitres-et-des-toits-a-la-gare-de-berlin","status":"publish","type":"post","link":"https:\/\/hycleaner.de\/fr\/actualites\/plus-quun-simple-nettoyage-des-vitres-et-des-toits-a-la-gare-de-berlin\/","title":{"rendered":"Plus qu&rsquo;un simple nettoyage des vitres et des toits \u00e0 la gare de Berlin"},"content":{"rendered":"\t\t<div data-elementor-type=\"wp-post\" data-elementor-id=\"12069\" class=\"elementor elementor-12069 elementor-5963\" data-elementor-post-type=\"post\">\n\t\t\t\t<div class=\"elementor-element elementor-element-78df1ac e-flex e-con-boxed e-con e-parent\" data-id=\"78df1ac\" data-element_type=\"container\" data-e-type=\"container\">\n\t\t\t\t\t<div class=\"e-con-inner\">\n\t\t<div class=\"elementor-element elementor-element-ac52492 e-con-full e-flex e-con e-child\" data-id=\"ac52492\" data-element_type=\"container\" data-e-type=\"container\">\n\t\t<div class=\"elementor-element elementor-element-b3f76fb e-con-full e-flex e-con e-child\" data-id=\"b3f76fb\" data-element_type=\"container\" data-e-type=\"container\">\n\t\t<div class=\"elementor-element elementor-element-0f08282 e-con-full e-flex e-con e-child\" data-id=\"0f08282\" data-element_type=\"container\" data-e-type=\"container\">\n\t\t<div class=\"elementor-element elementor-element-c4857cf e-con-full e-flex e-con e-child\" data-id=\"c4857cf\" data-element_type=\"container\" data-e-type=\"container\">\n\t\t<div class=\"elementor-element elementor-element-7b0a336 e-con-full e-flex e-con e-child\" data-id=\"7b0a336\" data-element_type=\"container\" data-e-type=\"container\">\n\t\t<div class=\"elementor-element elementor-element-1561e35 e-con-full e-flex e-con e-child\" data-id=\"1561e35\" data-element_type=\"container\" data-e-type=\"container\">\n\t\t<div class=\"elementor-element elementor-element-fb336b2 e-con-full e-flex e-con e-child\" data-id=\"fb336b2\" data-element_type=\"container\" data-e-type=\"container\">\n\t\t\t\t<div class=\"elementor-element elementor-element-6ab6770 elementor-widget__width-initial elementor-widget elementor-widget-theme-post-title elementor-page-title elementor-widget-heading\" data-id=\"6ab6770\" data-element_type=\"widget\" data-e-type=\"widget\" data-widget_type=\"theme-post-title.default\">\n\t\t\t\t<div class=\"elementor-widget-container\">\n\t\t\t\t\t<h1 class=\"elementor-heading-title elementor-size-default\">Plus qu&rsquo;un simple nettoyage des vitres et des toits \u00e0 la gare de Berlin<\/h1>\t\t\t\t<\/div>\n\t\t\t\t<\/div>\n\t\t\t\t<div class=\"elementor-element elementor-element-d4b4e08 elementor-widget elementor-widget-post-info\" data-id=\"d4b4e08\" data-element_type=\"widget\" data-e-type=\"widget\" data-widget_type=\"post-info.default\">\n\t\t\t\t<div class=\"elementor-widget-container\">\n\t\t\t\t\t\t\t<ul class=\"elementor-inline-items elementor-icon-list-items elementor-post-info\">\n\t\t\t\t\t\t\t\t<li class=\"elementor-icon-list-item elementor-repeater-item-d4e9e0c elementor-inline-item\" itemprop=\"about\">\n\t\t\t\t\t\t\t\t\t\t\t\t\t<span class=\"elementor-icon-list-text elementor-post-info__item elementor-post-info__item--type-terms\">\n\t\t\t\t\t\t\t\t\t\t<span class=\"elementor-post-info__terms-list\">\n\t\t\t\t<span class=\"elementor-post-info__terms-list-item\">Actualit\u00e9s<\/span>\t\t\t\t<\/span>\n\t\t\t\t\t<\/span>\n\t\t\t\t\t\t\t\t<\/li>\n\t\t\t\t<li class=\"elementor-icon-list-item elementor-repeater-item-ac88f4a elementor-inline-item\" itemprop=\"datePublished\">\n\t\t\t\t\t\t\t\t\t\t\t\t\t<span class=\"elementor-icon-list-text elementor-post-info__item elementor-post-info__item--type-date\">\n\t\t\t\t\t\t\t\t\t\t<time>octobre 10, 2025<\/time>\t\t\t\t\t<\/span>\n\t\t\t\t\t\t\t\t<\/li>\n\t\t\t\t<li class=\"elementor-icon-list-item elementor-repeater-item-b9d3bed elementor-inline-item\">\n\t\t\t\t\t\t<a href=\"\/wp-content\/uploads\/2025\/10\/Sauber_Ausgabe_02_2019_Redaktion_2019-07-11_DH.pdf\">\n\t\t\t\t\t\t\t\t\t\t\t\t\t\t<span class=\"elementor-icon-list-text elementor-post-info__item elementor-post-info__item--type-custom\">\n\t\t\t\t\t\t\t\t\t\tErschienen im Magazin SAUBER\t\t\t\t\t<\/span>\n\t\t\t\t\t\t\t\t\t<\/a>\n\t\t\t\t<\/li>\n\t\t\t\t<\/ul>\n\t\t\t\t\t\t<\/div>\n\t\t\t\t<\/div>\n\t\t\t\t<\/div>\n\t\t<div class=\"elementor-element elementor-element-1933054 e-con-full e-flex e-con e-child\" data-id=\"1933054\" data-element_type=\"container\" data-e-type=\"container\">\n\t\t<div class=\"elementor-element elementor-element-ec5f1a4 e-con-full e-flex e-con e-child\" data-id=\"ec5f1a4\" data-element_type=\"container\" data-e-type=\"container\">\n\t\t<div class=\"elementor-element elementor-element-d207724 e-con-full e-flex e-con e-child\" data-id=\"d207724\" data-element_type=\"container\" data-e-type=\"container\" data-settings=\"{&quot;background_background&quot;:&quot;classic&quot;}\">\n\t\t\t\t<div class=\"elementor-element elementor-element-c7a404f elementor-widget elementor-widget-image\" data-id=\"c7a404f\" data-element_type=\"widget\" data-e-type=\"widget\" data-widget_type=\"image.default\">\n\t\t\t\t<div class=\"elementor-widget-container\">\n\t\t\t\t\t\t\t\t\t\t\t\t\t\t\t<img fetchpriority=\"high\" decoding=\"async\" width=\"800\" height=\"493\" src=\"https:\/\/hycleaner.de\/wp-content\/uploads\/2025\/10\/teaser-blog-glasdach-860x530-01.webp\" class=\"attachment-large size-large wp-image-12070\" alt=\"Vue d&apos;en bas \u00e0 travers un toit en verre sur lequel travaille un robot de nettoyage\" srcset=\"https:\/\/hycleaner.de\/wp-content\/uploads\/2025\/10\/teaser-blog-glasdach-860x530-01.webp 860w, https:\/\/hycleaner.de\/wp-content\/uploads\/2025\/10\/teaser-blog-glasdach-860x530-01-300x185.webp 300w, https:\/\/hycleaner.de\/wp-content\/uploads\/2025\/10\/teaser-blog-glasdach-860x530-01-768x473.webp 768w\" sizes=\"(max-width: 800px) 100vw, 800px\" \/>\t\t\t\t\t\t\t\t\t\t\t\t\t\t\t<\/div>\n\t\t\t\t<\/div>\n\t\t\t\t<div class=\"elementor-element elementor-element-6dfc52a elementor-widget elementor-widget-heading\" data-id=\"6dfc52a\" data-element_type=\"widget\" data-e-type=\"widget\" data-widget_type=\"heading.default\">\n\t\t\t\t<div class=\"elementor-widget-container\">\n\t\t\t\t\t<h2 class=\"elementor-heading-title elementor-size-default\">Nettoyage efficace des grandes surfaces vitr\u00e9es et des toits gr\u00e2ce \u00e0 une technique semi-automatique<\/h2>\t\t\t\t<\/div>\n\t\t\t\t<\/div>\n\t\t\t\t<div class=\"elementor-element elementor-element-25254f1 elementor-widget elementor-widget-text-editor\" data-id=\"25254f1\" data-element_type=\"widget\" data-e-type=\"widget\" data-widget_type=\"text-editor.default\">\n\t\t\t\t<div class=\"elementor-widget-container\">\n\t\t\t\t\t\t\t\t\t<p>Nettoyage moderne des vitres et des toits : La <a href=\"https:\/\/www.gbp-architekten.de\/projekte\/projekt\/bahnhof-berlin-suedkreuz.html\" target=\"_blank\" rel=\"noopener\">gare de Berlin S\u00fcdkreuz<\/a> impressionne par son architecture moderne en verre et en acier \u2013 et pose en m\u00eame temps des exigences \u00e9lev\u00e9es en mati\u00e8re de nettoyage. <a href=\"https:\/\/www.pressebox.de\/pressemitteilung\/tg-hylift-gmbh\/reinigung-am-bahnhof-arnheim-halbautomatisches-hycleaner-reinigungssystem-berzeugt\/boxid\/963703\">L&rsquo;entreprise sp\u00e9cialis\u00e9e Jentzsch mise ici sur le hyCLEANER\u00ae de TG hyLIFT<\/a> pour entretenir r\u00e9guli\u00e8rement les toits en verre de plus de 3 000 m\u00e8tres carr\u00e9s.<\/p><p> <\/p><p>Malgr\u00e9 un design relativement rectiligne, le nettoyage des vitres et des toits exige un soin particulier : la salet\u00e9, la poussi\u00e8re et les d\u00e9p\u00f4ts peuvent non seulement nuire \u00e0 l&rsquo;aspect, mais aussi \u00e0 la substance du b\u00e2timent et aux joints.<\/p><p> <\/p><p>Avec le <strong>syst\u00e8me de nettoyage semi-automatique<\/strong>, on obtient un <strong>nettoyage en profondeur et en douceur, qui permet en m\u00eame temps d&rsquo;\u00e9conomiser du temps, des co\u00fbts et des ressources<\/strong> \u2013 une contribution essentielle au maintien de la valeur et \u00e0 la s\u00e9curit\u00e9 de l&rsquo;installation.<\/p>\t\t\t\t\t\t\t\t<\/div>\n\t\t\t\t<\/div>\n\t\t\t\t<\/div>\n\t\t\t\t<\/div>\n\t\t<div class=\"elementor-element elementor-element-67290d0 e-con-full e-flex e-con e-child\" data-id=\"67290d0\" data-element_type=\"container\" data-e-type=\"container\">\n\t\t\t\t<div class=\"elementor-element elementor-element-a1a5bbc elementor-widget elementor-widget-image\" data-id=\"a1a5bbc\" data-element_type=\"widget\" data-e-type=\"widget\" data-widget_type=\"image.default\">\n\t\t\t\t<div class=\"elementor-widget-container\">\n\t\t\t\t\t\t\t\t\t\t\t\t\t\t\t<img decoding=\"async\" width=\"800\" height=\"493\" src=\"https:\/\/hycleaner.de\/wp-content\/uploads\/2025\/10\/teaser-blog-mu-berlin-860x530-01.webp\" class=\"attachment-large size-large wp-image-12071\" alt=\"Maquette d&apos;iPad avec un article sp\u00e9cialis\u00e9 de \u00ab Sauber \u00bb\" srcset=\"https:\/\/hycleaner.de\/wp-content\/uploads\/2025\/10\/teaser-blog-mu-berlin-860x530-01.webp 860w, https:\/\/hycleaner.de\/wp-content\/uploads\/2025\/10\/teaser-blog-mu-berlin-860x530-01-300x185.webp 300w, https:\/\/hycleaner.de\/wp-content\/uploads\/2025\/10\/teaser-blog-mu-berlin-860x530-01-768x473.webp 768w\" sizes=\"(max-width: 800px) 100vw, 800px\" \/>\t\t\t\t\t\t\t\t\t\t\t\t\t\t\t<\/div>\n\t\t\t\t<\/div>\n\t\t\t\t<div class=\"elementor-element elementor-element-5b14a53 elementor-view-default elementor-widget elementor-widget-icon\" data-id=\"5b14a53\" data-element_type=\"widget\" data-e-type=\"widget\" data-widget_type=\"icon.default\">\n\t\t\t\t<div class=\"elementor-widget-container\">\n\t\t\t\t\t\t\t<div class=\"elementor-icon-wrapper\">\n\t\t\t<a class=\"elementor-icon\" href=\"\/wp-content\/uploads\/2025\/10\/Sauber_Ausgabe_02_2019_Redaktion_2019-07-11_DH.pdf\">\n\t\t\t<svg aria-hidden=\"true\" class=\"e-font-icon-svg e-fas-cloud-download-alt\" viewBox=\"0 0 640 512\" xmlns=\"http:\/\/www.w3.org\/2000\/svg\"><path d=\"M537.6 226.6c4.1-10.7 6.4-22.4 6.4-34.6 0-53-43-96-96-96-19.7 0-38.1 6-53.3 16.2C367 64.2 315.3 32 256 32c-88.4 0-160 71.6-160 160 0 2.7.1 5.4.2 8.1C40.2 219.8 0 273.2 0 336c0 79.5 64.5 144 144 144h368c70.7 0 128-57.3 128-128 0-61.9-44-113.6-102.4-125.4zm-132.9 88.7L299.3 420.7c-6.2 6.2-16.4 6.2-22.6 0L171.3 315.3c-10.1-10.1-2.9-27.3 11.3-27.3H248V176c0-8.8 7.2-16 16-16h48c8.8 0 16 7.2 16 16v112h65.4c14.2 0 21.4 17.2 11.3 27.3z\"><\/path><\/svg>\t\t\t<\/a>\n\t\t<\/div>\n\t\t\t\t\t\t<\/div>\n\t\t\t\t<\/div>\n\t\t\t\t<div class=\"elementor-element elementor-element-18e4b3c elementor-widget elementor-widget-text-editor\" data-id=\"18e4b3c\" data-element_type=\"widget\" data-e-type=\"widget\" data-widget_type=\"text-editor.default\">\n\t\t\t\t<div class=\"elementor-widget-container\">\n\t\t\t\t\t\t\t\t\t<p>Vers l&rsquo;article du magazine<\/p><p><a href=\"\/wp-content\/uploads\/2025\/10\/Sauber_Ausgabe_02_2019_Redaktion_2019-07-11_DH.pdf\">Sauber \u00b7 Num\u00e9ro 02 &#8211; 2019<\/a><\/p>\t\t\t\t\t\t\t\t<\/div>\n\t\t\t\t<\/div>\n\t\t\t\t<\/div>\n\t\t\t\t<\/div>\n\t\t\t\t<\/div>\n\t\t\t\t<\/div>\n\t\t\t\t<\/div>\n\t\t\t\t<\/div>\n\t\t\t\t<\/div>\n\t\t\t\t<\/div>\n\t\t\t\t\t<\/div>\n\t\t\t\t<\/div>\n\t\t\t\t<\/div>\n\t\t","protected":false},"excerpt":{"rendered":"<p>\u00c0 la gare de Berlin-S\u00fcdkreuz, les machines hyCLEANER assurent la propret\u00e9 \u00e9clatante des surfaces vitr\u00e9es. Plus de 3 000 m\u00b2 sont nettoy\u00e9s r\u00e9guli\u00e8rement, efficacement et en douceur, pour une vision claire, une s\u00e9curit\u00e9 maximale et un entretien durable de l&rsquo;architecture moderne. <\/p>\n","protected":false},"author":10,"featured_media":12071,"comment_status":"closed","ping_status":"closed","sticky":false,"template":"","format":"standard","meta":{"footnotes":"","_links_to":"","_links_to_target":""},"categories":[138],"tags":[139],"class_list":["post-12069","post","type-post","status-publish","format-standard","has-post-thumbnail","hentry","category-actualites","tag-glassrobot-pro"],"yoast_head":"<!-- This site is optimized with the Yoast SEO Premium plugin v28.1 (Yoast SEO v28.3) - https:\/\/yoast.com\/product\/yoast-seo-premium-wordpress\/ -->\n<title>Plus qu&#039;un simple nettoyage des vitres et des toits \u00e0 la gare de Berlin S\u00fcdkreuz<\/title>\n<meta name=\"description\" content=\"Nettoyage efficace des vitres et des toits \u00e0 la gare de Berlin S\u00fcdkreuz : le hyCLEANER assure propret\u00e9, maintien de la valeur et s\u00e9curit\u00e9.\" \/>\n<meta name=\"robots\" content=\"index, follow, max-snippet:-1, max-image-preview:large, max-video-preview:-1\" \/>\n<link rel=\"canonical\" href=\"https:\/\/hycleaner.de\/fr\/actualites\/plus-quun-simple-nettoyage-des-vitres-et-des-toits-a-la-gare-de-berlin\/\" \/>\n<meta property=\"og:locale\" content=\"fr_FR\" \/>\n<meta property=\"og:type\" content=\"article\" \/>\n<meta property=\"og:title\" content=\"Plus qu&#039;un simple nettoyage des vitres et des toits \u00e0 la gare de Berlin\" \/>\n<meta property=\"og:description\" content=\"Nettoyage efficace des vitres et des toits \u00e0 la gare de Berlin S\u00fcdkreuz : le hyCLEANER assure propret\u00e9, maintien de la valeur et s\u00e9curit\u00e9.\" \/>\n<meta property=\"og:url\" content=\"https:\/\/hycleaner.de\/fr\/actualites\/plus-quun-simple-nettoyage-des-vitres-et-des-toits-a-la-gare-de-berlin\/\" \/>\n<meta property=\"og:site_name\" content=\"hyCLEANER\u00ae\" \/>\n<meta property=\"article:publisher\" content=\"https:\/\/www.facebook.com\/people\/Hycleaner-DE\/pfbid028B3Z4FDUFVEe1dzh2ir71iKTuVU4iaWiLiBfZhmhRLtKuCG3Kas5i24S2KXzsjKYl\/?locale=de_DE\" \/>\n<meta property=\"article:published_time\" content=\"2025-10-10T11:52:42+00:00\" \/>\n<meta property=\"article:modified_time\" content=\"2026-07-13T13:55:41+00:00\" \/>\n<meta property=\"og:image\" content=\"https:\/\/hycleaner.de\/wp-content\/uploads\/2025\/10\/teaser-blog-mu-berlin-860x530-01.webp\" \/>\n\t<meta property=\"og:image:width\" content=\"860\" \/>\n\t<meta property=\"og:image:height\" content=\"530\" \/>\n\t<meta property=\"og:image:type\" content=\"image\/webp\" \/>\n<meta name=\"author\" content=\"hyCLEANER Redaktion\" \/>\n<meta name=\"twitter:card\" content=\"summary_large_image\" \/>\n<script type=\"application\/ld+json\" class=\"yoast-schema-graph\">{\"@context\":\"https:\\\/\\\/schema.org\",\"@graph\":[{\"@type\":\"TechArticle\",\"@id\":\"https:\\\/\\\/hycleaner.de\\\/fr\\\/actualites\\\/plus-quun-simple-nettoyage-des-vitres-et-des-toits-a-la-gare-de-berlin\\\/#article\",\"isPartOf\":{\"@id\":\"https:\\\/\\\/hycleaner.de\\\/fr\\\/actualites\\\/plus-quun-simple-nettoyage-des-vitres-et-des-toits-a-la-gare-de-berlin\\\/\"},\"author\":{\"name\":\"hyCLEANER Redaktion\",\"@id\":\"https:\\\/\\\/hycleaner.de\\\/fr\\\/#\\\/schema\\\/person\\\/ee22a25653603c0022670c01aea1d009\"},\"headline\":\"Plus qu&rsquo;un simple nettoyage des vitres et des toits \u00e0 la gare de Berlin\",\"datePublished\":\"2025-10-10T11:52:42+00:00\",\"dateModified\":\"2026-07-13T13:55:41+00:00\",\"mainEntityOfPage\":{\"@id\":\"https:\\\/\\\/hycleaner.de\\\/fr\\\/actualites\\\/plus-quun-simple-nettoyage-des-vitres-et-des-toits-a-la-gare-de-berlin\\\/\"},\"wordCount\":195,\"publisher\":{\"@id\":\"https:\\\/\\\/hycleaner.de\\\/fr\\\/#organization\"},\"image\":{\"@id\":\"https:\\\/\\\/hycleaner.de\\\/fr\\\/actualites\\\/plus-quun-simple-nettoyage-des-vitres-et-des-toits-a-la-gare-de-berlin\\\/#primaryimage\"},\"thumbnailUrl\":\"https:\\\/\\\/hycleaner.de\\\/wp-content\\\/uploads\\\/2025\\\/10\\\/teaser-blog-mu-berlin-860x530-01.webp\",\"keywords\":[\"glassROBOT pro\"],\"articleSection\":[\"Actualit\u00e9s\"],\"inLanguage\":\"fr-FR\"},{\"@type\":\"WebPage\",\"@id\":\"https:\\\/\\\/hycleaner.de\\\/fr\\\/actualites\\\/plus-quun-simple-nettoyage-des-vitres-et-des-toits-a-la-gare-de-berlin\\\/\",\"url\":\"https:\\\/\\\/hycleaner.de\\\/fr\\\/actualites\\\/plus-quun-simple-nettoyage-des-vitres-et-des-toits-a-la-gare-de-berlin\\\/\",\"name\":\"Plus qu'un simple nettoyage des vitres et des toits \u00e0 la gare de Berlin S\u00fcdkreuz\",\"isPartOf\":{\"@id\":\"https:\\\/\\\/hycleaner.de\\\/fr\\\/#website\"},\"primaryImageOfPage\":{\"@id\":\"https:\\\/\\\/hycleaner.de\\\/fr\\\/actualites\\\/plus-quun-simple-nettoyage-des-vitres-et-des-toits-a-la-gare-de-berlin\\\/#primaryimage\"},\"image\":{\"@id\":\"https:\\\/\\\/hycleaner.de\\\/fr\\\/actualites\\\/plus-quun-simple-nettoyage-des-vitres-et-des-toits-a-la-gare-de-berlin\\\/#primaryimage\"},\"thumbnailUrl\":\"https:\\\/\\\/hycleaner.de\\\/wp-content\\\/uploads\\\/2025\\\/10\\\/teaser-blog-mu-berlin-860x530-01.webp\",\"datePublished\":\"2025-10-10T11:52:42+00:00\",\"dateModified\":\"2026-07-13T13:55:41+00:00\",\"description\":\"Nettoyage efficace des vitres et des toits \u00e0 la gare de Berlin S\u00fcdkreuz : le hyCLEANER assure propret\u00e9, maintien de la valeur et s\u00e9curit\u00e9.\",\"breadcrumb\":{\"@id\":\"https:\\\/\\\/hycleaner.de\\\/fr\\\/actualites\\\/plus-quun-simple-nettoyage-des-vitres-et-des-toits-a-la-gare-de-berlin\\\/#breadcrumb\"},\"inLanguage\":\"fr-FR\",\"potentialAction\":[{\"@type\":\"ReadAction\",\"target\":[\"https:\\\/\\\/hycleaner.de\\\/fr\\\/actualites\\\/plus-quun-simple-nettoyage-des-vitres-et-des-toits-a-la-gare-de-berlin\\\/\"]}]},{\"@type\":\"ImageObject\",\"inLanguage\":\"fr-FR\",\"@id\":\"https:\\\/\\\/hycleaner.de\\\/fr\\\/actualites\\\/plus-quun-simple-nettoyage-des-vitres-et-des-toits-a-la-gare-de-berlin\\\/#primaryimage\",\"url\":\"https:\\\/\\\/hycleaner.de\\\/wp-content\\\/uploads\\\/2025\\\/10\\\/teaser-blog-mu-berlin-860x530-01.webp\",\"contentUrl\":\"https:\\\/\\\/hycleaner.de\\\/wp-content\\\/uploads\\\/2025\\\/10\\\/teaser-blog-mu-berlin-860x530-01.webp\",\"width\":860,\"height\":530,\"caption\":\"Maquette d'iPad avec un article sp\u00e9cialis\u00e9 de \u00ab Sauber \u00bb\"},{\"@type\":\"BreadcrumbList\",\"@id\":\"https:\\\/\\\/hycleaner.de\\\/fr\\\/actualites\\\/plus-quun-simple-nettoyage-des-vitres-et-des-toits-a-la-gare-de-berlin\\\/#breadcrumb\",\"itemListElement\":[{\"@type\":\"ListItem\",\"position\":1,\"name\":\"Startseite\",\"item\":\"https:\\\/\\\/hycleaner.de\\\/fr\\\/\"},{\"@type\":\"ListItem\",\"position\":2,\"name\":\"Actualit\u00e9s\",\"item\":\"https:\\\/\\\/hycleaner.de\\\/fr\\\/category\\\/actualites\\\/\"},{\"@type\":\"ListItem\",\"position\":3,\"name\":\"Plus qu&rsquo;un simple nettoyage des vitres et des toits \u00e0 la gare de Berlin\"}]},{\"@type\":\"WebSite\",\"@id\":\"https:\\\/\\\/hycleaner.de\\\/fr\\\/#website\",\"url\":\"https:\\\/\\\/hycleaner.de\\\/fr\\\/\",\"name\":\"hyCLEANER\",\"description\":\"Experte f\u00fcr Reinigungsroboter\",\"publisher\":{\"@id\":\"https:\\\/\\\/hycleaner.de\\\/fr\\\/#organization\"},\"potentialAction\":[{\"@type\":\"SearchAction\",\"target\":{\"@type\":\"EntryPoint\",\"urlTemplate\":\"https:\\\/\\\/hycleaner.de\\\/fr\\\/?s={search_term_string}\"},\"query-input\":{\"@type\":\"PropertyValueSpecification\",\"valueRequired\":true,\"valueName\":\"search_term_string\"}}],\"inLanguage\":\"fr-FR\"},{\"@type\":\"Organization\",\"@id\":\"https:\\\/\\\/hycleaner.de\\\/fr\\\/#organization\",\"name\":\"hyCLEANER GmbH & CO. KG\",\"alternateName\":\"hyCLEANER\",\"url\":\"https:\\\/\\\/hycleaner.de\\\/fr\\\/\",\"logo\":{\"@type\":\"ImageObject\",\"inLanguage\":\"fr-FR\",\"@id\":\"https:\\\/\\\/hycleaner.de\\\/fr\\\/#\\\/schema\\\/logo\\\/image\\\/\",\"url\":\"https:\\\/\\\/hycleaner.de\\\/wp-content\\\/uploads\\\/2026\\\/08\\\/hyCLEANER_Logo-1.webp\",\"contentUrl\":\"https:\\\/\\\/hycleaner.de\\\/wp-content\\\/uploads\\\/2026\\\/08\\\/hyCLEANER_Logo-1.webp\",\"width\":351,\"height\":99,\"caption\":\"hyCLEANER GmbH & CO. KG\"},\"image\":{\"@id\":\"https:\\\/\\\/hycleaner.de\\\/fr\\\/#\\\/schema\\\/logo\\\/image\\\/\"},\"sameAs\":[\"https:\\\/\\\/www.facebook.com\\\/people\\\/Hycleaner-DE\\\/pfbid028B3Z4FDUFVEe1dzh2ir71iKTuVU4iaWiLiBfZhmhRLtKuCG3Kas5i24S2KXzsjKYl\\\/?locale=de_DE\",\"https:\\\/\\\/www.instagram.com\\\/hycleaner.de\\\/\",\"https:\\\/\\\/www.youtube.com\\\/@hycleaner\",\"https:\\\/\\\/www.linkedin.com\\\/company\\\/hycleaner\\\/\"],\"description\":\"hyCLEANER bietet Reinigungsroboter und Reinigungstechnologie Made in Germany \u2013 innovative L\u00f6sungen f\u00fcr Solar, Fassade und Glas.\",\"email\":\"info@hycleaner.de\",\"telephone\":\"+49 2562 99254 0\",\"legalName\":\"hyCLEANER GmbH & Co. KG\",\"foundingDate\":\"2010-01-01\",\"numberOfEmployees\":{\"@type\":\"QuantitativeValue\",\"minValue\":\"11\",\"maxValue\":\"50\"}},{\"@type\":\"Person\",\"@id\":\"https:\\\/\\\/hycleaner.de\\\/fr\\\/#\\\/schema\\\/person\\\/ee22a25653603c0022670c01aea1d009\",\"name\":\"hyCLEANER Redaktion\",\"image\":{\"@type\":\"ImageObject\",\"inLanguage\":\"fr-FR\",\"@id\":\"https:\\\/\\\/secure.gravatar.com\\\/avatar\\\/2c108e61da0301071dd01568c29fa1d5e19965c4ed015a1f19a84e74a9e3be25?s=96&d=mm&r=g\",\"url\":\"https:\\\/\\\/secure.gravatar.com\\\/avatar\\\/2c108e61da0301071dd01568c29fa1d5e19965c4ed015a1f19a84e74a9e3be25?s=96&d=mm&r=g\",\"contentUrl\":\"https:\\\/\\\/secure.gravatar.com\\\/avatar\\\/2c108e61da0301071dd01568c29fa1d5e19965c4ed015a1f19a84e74a9e3be25?s=96&d=mm&r=g\",\"caption\":\"hyCLEANER Redaktion\"},\"description\":\"Das hyCLEANER Redaktionsteam vereint interne Fachexperten aus verschiedenen Unternehmensbereichen \u2013 von der praktischen Anwendung \u00fcber die technische Entwicklung bis hin zu Vertrieb und Kundenberatung. Gemeinsam verfolgen sie das Ziel, komplexe Themen rund um die Reinigung von Photovoltaikanlagen, Glasfl\u00e4chen und Fassaden verst\u00e4ndlich, praxisnah und kompakt aufzubereiten. Die Inhalte basieren auf langj\u00e4hriger Branchenerfahrung, technischem Fachwissen und Erkenntnissen aus dem t\u00e4glichen Einsatz in der Praxis.\",\"sameAs\":[\"https:\\\/\\\/hycleaner.de\\\/kontakt\\\/\"],\"url\":\"https:\\\/\\\/hycleaner.de\\\/fr\\\/author\\\/hycleaner-redaktion\\\/\"}]}<\/script>\n<!-- \/ Yoast SEO Premium plugin. -->","yoast_head_json":{"title":"Plus qu'un simple nettoyage des vitres et des toits \u00e0 la gare de Berlin S\u00fcdkreuz","description":"Nettoyage efficace des vitres et des toits \u00e0 la gare de Berlin S\u00fcdkreuz : le hyCLEANER assure propret\u00e9, maintien de la valeur et s\u00e9curit\u00e9.","robots":{"index":"index","follow":"follow","max-snippet":"max-snippet:-1","max-image-preview":"max-image-preview:large","max-video-preview":"max-video-preview:-1"},"canonical":"https:\/\/hycleaner.de\/fr\/actualites\/plus-quun-simple-nettoyage-des-vitres-et-des-toits-a-la-gare-de-berlin\/","og_locale":"fr_FR","og_type":"article","og_title":"Plus qu'un simple nettoyage des vitres et des toits \u00e0 la gare de Berlin","og_description":"Nettoyage efficace des vitres et des toits \u00e0 la gare de Berlin S\u00fcdkreuz : le hyCLEANER assure propret\u00e9, maintien de la valeur et s\u00e9curit\u00e9.","og_url":"https:\/\/hycleaner.de\/fr\/actualites\/plus-quun-simple-nettoyage-des-vitres-et-des-toits-a-la-gare-de-berlin\/","og_site_name":"hyCLEANER\u00ae","article_publisher":"https:\/\/www.facebook.com\/people\/Hycleaner-DE\/pfbid028B3Z4FDUFVEe1dzh2ir71iKTuVU4iaWiLiBfZhmhRLtKuCG3Kas5i24S2KXzsjKYl\/?locale=de_DE","article_published_time":"2025-10-10T11:52:42+00:00","article_modified_time":"2026-07-13T13:55:41+00:00","og_image":[{"width":860,"height":530,"url":"https:\/\/hycleaner.de\/wp-content\/uploads\/2025\/10\/teaser-blog-mu-berlin-860x530-01.webp","type":"image\/webp"}],"author":"hyCLEANER Redaktion","twitter_card":"summary_large_image","schema":{"@context":"https:\/\/schema.org","@graph":[{"@type":"TechArticle","@id":"https:\/\/hycleaner.de\/fr\/actualites\/plus-quun-simple-nettoyage-des-vitres-et-des-toits-a-la-gare-de-berlin\/#article","isPartOf":{"@id":"https:\/\/hycleaner.de\/fr\/actualites\/plus-quun-simple-nettoyage-des-vitres-et-des-toits-a-la-gare-de-berlin\/"},"author":{"name":"hyCLEANER Redaktion","@id":"https:\/\/hycleaner.de\/fr\/#\/schema\/person\/ee22a25653603c0022670c01aea1d009"},"headline":"Plus qu&rsquo;un simple nettoyage des vitres et des toits \u00e0 la gare de Berlin","datePublished":"2025-10-10T11:52:42+00:00","dateModified":"2026-07-13T13:55:41+00:00","mainEntityOfPage":{"@id":"https:\/\/hycleaner.de\/fr\/actualites\/plus-quun-simple-nettoyage-des-vitres-et-des-toits-a-la-gare-de-berlin\/"},"wordCount":195,"publisher":{"@id":"https:\/\/hycleaner.de\/fr\/#organization"},"image":{"@id":"https:\/\/hycleaner.de\/fr\/actualites\/plus-quun-simple-nettoyage-des-vitres-et-des-toits-a-la-gare-de-berlin\/#primaryimage"},"thumbnailUrl":"https:\/\/hycleaner.de\/wp-content\/uploads\/2025\/10\/teaser-blog-mu-berlin-860x530-01.webp","keywords":["glassROBOT pro"],"articleSection":["Actualit\u00e9s"],"inLanguage":"fr-FR"},{"@type":"WebPage","@id":"https:\/\/hycleaner.de\/fr\/actualites\/plus-quun-simple-nettoyage-des-vitres-et-des-toits-a-la-gare-de-berlin\/","url":"https:\/\/hycleaner.de\/fr\/actualites\/plus-quun-simple-nettoyage-des-vitres-et-des-toits-a-la-gare-de-berlin\/","name":"Plus qu'un simple nettoyage des vitres et des toits \u00e0 la gare de Berlin S\u00fcdkreuz","isPartOf":{"@id":"https:\/\/hycleaner.de\/fr\/#website"},"primaryImageOfPage":{"@id":"https:\/\/hycleaner.de\/fr\/actualites\/plus-quun-simple-nettoyage-des-vitres-et-des-toits-a-la-gare-de-berlin\/#primaryimage"},"image":{"@id":"https:\/\/hycleaner.de\/fr\/actualites\/plus-quun-simple-nettoyage-des-vitres-et-des-toits-a-la-gare-de-berlin\/#primaryimage"},"thumbnailUrl":"https:\/\/hycleaner.de\/wp-content\/uploads\/2025\/10\/teaser-blog-mu-berlin-860x530-01.webp","datePublished":"2025-10-10T11:52:42+00:00","dateModified":"2026-07-13T13:55:41+00:00","description":"Nettoyage efficace des vitres et des toits \u00e0 la gare de Berlin S\u00fcdkreuz : le hyCLEANER assure propret\u00e9, maintien de la valeur et s\u00e9curit\u00e9.","breadcrumb":{"@id":"https:\/\/hycleaner.de\/fr\/actualites\/plus-quun-simple-nettoyage-des-vitres-et-des-toits-a-la-gare-de-berlin\/#breadcrumb"},"inLanguage":"fr-FR","potentialAction":[{"@type":"ReadAction","target":["https:\/\/hycleaner.de\/fr\/actualites\/plus-quun-simple-nettoyage-des-vitres-et-des-toits-a-la-gare-de-berlin\/"]}]},{"@type":"ImageObject","inLanguage":"fr-FR","@id":"https:\/\/hycleaner.de\/fr\/actualites\/plus-quun-simple-nettoyage-des-vitres-et-des-toits-a-la-gare-de-berlin\/#primaryimage","url":"https:\/\/hycleaner.de\/wp-content\/uploads\/2025\/10\/teaser-blog-mu-berlin-860x530-01.webp","contentUrl":"https:\/\/hycleaner.de\/wp-content\/uploads\/2025\/10\/teaser-blog-mu-berlin-860x530-01.webp","width":860,"height":530,"caption":"Maquette d'iPad avec un article sp\u00e9cialis\u00e9 de \u00ab Sauber \u00bb"},{"@type":"BreadcrumbList","@id":"https:\/\/hycleaner.de\/fr\/actualites\/plus-quun-simple-nettoyage-des-vitres-et-des-toits-a-la-gare-de-berlin\/#breadcrumb","itemListElement":[{"@type":"ListItem","position":1,"name":"Startseite","item":"https:\/\/hycleaner.de\/fr\/"},{"@type":"ListItem","position":2,"name":"Actualit\u00e9s","item":"https:\/\/hycleaner.de\/fr\/category\/actualites\/"},{"@type":"ListItem","position":3,"name":"Plus qu&rsquo;un simple nettoyage des vitres et des toits \u00e0 la gare de Berlin"}]},{"@type":"WebSite","@id":"https:\/\/hycleaner.de\/fr\/#website","url":"https:\/\/hycleaner.de\/fr\/","name":"hyCLEANER","description":"Experte f\u00fcr Reinigungsroboter","publisher":{"@id":"https:\/\/hycleaner.de\/fr\/#organization"},"potentialAction":[{"@type":"SearchAction","target":{"@type":"EntryPoint","urlTemplate":"https:\/\/hycleaner.de\/fr\/?s={search_term_string}"},"query-input":{"@type":"PropertyValueSpecification","valueRequired":true,"valueName":"search_term_string"}}],"inLanguage":"fr-FR"},{"@type":"Organization","@id":"https:\/\/hycleaner.de\/fr\/#organization","name":"hyCLEANER GmbH & CO. KG","alternateName":"hyCLEANER","url":"https:\/\/hycleaner.de\/fr\/","logo":{"@type":"ImageObject","inLanguage":"fr-FR","@id":"https:\/\/hycleaner.de\/fr\/#\/schema\/logo\/image\/","url":"https:\/\/hycleaner.de\/wp-content\/uploads\/2026\/08\/hyCLEANER_Logo-1.webp","contentUrl":"https:\/\/hycleaner.de\/wp-content\/uploads\/2026\/08\/hyCLEANER_Logo-1.webp","width":351,"height":99,"caption":"hyCLEANER GmbH & CO. KG"},"image":{"@id":"https:\/\/hycleaner.de\/fr\/#\/schema\/logo\/image\/"},"sameAs":["https:\/\/www.facebook.com\/people\/Hycleaner-DE\/pfbid028B3Z4FDUFVEe1dzh2ir71iKTuVU4iaWiLiBfZhmhRLtKuCG3Kas5i24S2KXzsjKYl\/?locale=de_DE","https:\/\/www.instagram.com\/hycleaner.de\/","https:\/\/www.youtube.com\/@hycleaner","https:\/\/www.linkedin.com\/company\/hycleaner\/"],"description":"hyCLEANER bietet Reinigungsroboter und Reinigungstechnologie Made in Germany \u2013 innovative L\u00f6sungen f\u00fcr Solar, Fassade und Glas.","email":"info@hycleaner.de","telephone":"+49 2562 99254 0","legalName":"hyCLEANER GmbH & Co. KG","foundingDate":"2010-01-01","numberOfEmployees":{"@type":"QuantitativeValue","minValue":"11","maxValue":"50"}},{"@type":"Person","@id":"https:\/\/hycleaner.de\/fr\/#\/schema\/person\/ee22a25653603c0022670c01aea1d009","name":"hyCLEANER Redaktion","image":{"@type":"ImageObject","inLanguage":"fr-FR","@id":"https:\/\/secure.gravatar.com\/avatar\/2c108e61da0301071dd01568c29fa1d5e19965c4ed015a1f19a84e74a9e3be25?s=96&d=mm&r=g","url":"https:\/\/secure.gravatar.com\/avatar\/2c108e61da0301071dd01568c29fa1d5e19965c4ed015a1f19a84e74a9e3be25?s=96&d=mm&r=g","contentUrl":"https:\/\/secure.gravatar.com\/avatar\/2c108e61da0301071dd01568c29fa1d5e19965c4ed015a1f19a84e74a9e3be25?s=96&d=mm&r=g","caption":"hyCLEANER Redaktion"},"description":"Das hyCLEANER Redaktionsteam vereint interne Fachexperten aus verschiedenen Unternehmensbereichen \u2013 von der praktischen Anwendung \u00fcber die technische Entwicklung bis hin zu Vertrieb und Kundenberatung. Gemeinsam verfolgen sie das Ziel, komplexe Themen rund um die Reinigung von Photovoltaikanlagen, Glasfl\u00e4chen und Fassaden verst\u00e4ndlich, praxisnah und kompakt aufzubereiten. Die Inhalte basieren auf langj\u00e4hriger Branchenerfahrung, technischem Fachwissen und Erkenntnissen aus dem t\u00e4glichen Einsatz in der Praxis.","sameAs":["https:\/\/hycleaner.de\/kontakt\/"],"url":"https:\/\/hycleaner.de\/fr\/author\/hycleaner-redaktion\/"}]}},"_links":{"self":[{"href":"https:\/\/hycleaner.de\/fr\/wp-json\/wp\/v2\/posts\/12069","targetHints":{"allow":["GET"]}}],"collection":[{"href":"https:\/\/hycleaner.de\/fr\/wp-json\/wp\/v2\/posts"}],"about":[{"href":"https:\/\/hycleaner.de\/fr\/wp-json\/wp\/v2\/types\/post"}],"author":[{"embeddable":true,"href":"https:\/\/hycleaner.de\/fr\/wp-json\/wp\/v2\/users\/10"}],"replies":[{"embeddable":true,"href":"https:\/\/hycleaner.de\/fr\/wp-json\/wp\/v2\/comments?post=12069"}],"version-history":[{"count":0,"href":"https:\/\/hycleaner.de\/fr\/wp-json\/wp\/v2\/posts\/12069\/revisions"}],"wp:featuredmedia":[{"embeddable":true,"href":"https:\/\/hycleaner.de\/fr\/wp-json\/wp\/v2\/media\/12071"}],"wp:attachment":[{"href":"https:\/\/hycleaner.de\/fr\/wp-json\/wp\/v2\/media?parent=12069"}],"wp:term":[{"taxonomy":"category","embeddable":true,"href":"https:\/\/hycleaner.de\/fr\/wp-json\/wp\/v2\/categories?post=12069"},{"taxonomy":"post_tag","embeddable":true,"href":"https:\/\/hycleaner.de\/fr\/wp-json\/wp\/v2\/tags?post=12069"}],"curies":[{"name":"wp","href":"https:\/\/api.w.org\/{rel}","templated":true}]}}